{"id":3006,"date":"2023-12-01T19:27:51","date_gmt":"2023-12-02T00:27:51","guid":{"rendered":"https:\/\/web.grearequipa.gob.pe\/?p=3006"},"modified":"2023-12-01T19:31:24","modified_gmt":"2023-12-02T00:31:24","slug":"3006","status":"publish","type":"post","link":"https:\/\/web.grearequipa.gob.pe\/?p=3006","title":{"rendered":"NOTA DE PRENSA FERIA NACIONAL DE CIENCIA Y TECNOLOGIA EUREKA 2023"},"content":{"rendered":"\n<figure class=\"wp-block-image size-large\"><img loading=\"lazy\" decoding=\"async\" width=\"723\" height=\"1024\" src=\"https:\/\/web.grearequipa.gob.pe\/wp-content\/uploads\/2023\/12\/WhatsApp-Image-2023-12-01-at-4.50.39-PM-723x1024.jpeg\" alt=\"\" class=\"wp-image-3007\" srcset=\"https:\/\/web.grearequipa.gob.pe\/wp-content\/uploads\/2023\/12\/WhatsApp-Image-2023-12-01-at-4.50.39-PM-723x1024.jpeg 723w, https:\/\/web.grearequipa.gob.pe\/wp-content\/uploads\/2023\/12\/WhatsApp-Image-2023-12-01-at-4.50.39-PM-212x300.jpeg 212w, https:\/\/web.grearequipa.gob.pe\/wp-content\/uploads\/2023\/12\/WhatsApp-Image-2023-12-01-at-4.50.39-PM-768x1087.jpeg 768w, https:\/\/web.grearequipa.gob.pe\/wp-content\/uploads\/2023\/12\/WhatsApp-Image-2023-12-01-at-4.50.39-PM-1085x1536.jpeg 1085w, https:\/\/web.grearequipa.gob.pe\/wp-content\/uploads\/2023\/12\/WhatsApp-Image-2023-12-01-at-4.50.39-PM.jpeg 1130w\" sizes=\"auto, (max-width: 723px) 100vw, 723px\" \/><\/figure>\n\n\n\n<figure class=\"wp-block-gallery has-nested-images columns-default is-cropped wp-block-gallery-1 is-layout-flex wp-block-gallery-is-layout-flex\">\n<figure class=\"wp-block-image size-large\"><img loading=\"lazy\" decoding=\"async\" width=\"1024\" height=\"576\" data-id=\"3008\" src=\"https:\/\/web.grearequipa.gob.pe\/wp-content\/uploads\/2023\/12\/WhatsApp-Image-2023-12-01-at-4.51.23-PM-1-1024x576.jpeg\" alt=\"\" class=\"wp-image-3008\" srcset=\"https:\/\/web.grearequipa.gob.pe\/wp-content\/uploads\/2023\/12\/WhatsApp-Image-2023-12-01-at-4.51.23-PM-1-1024x576.jpeg 1024w, https:\/\/web.grearequipa.gob.pe\/wp-content\/uploads\/2023\/12\/WhatsApp-Image-2023-12-01-at-4.51.23-PM-1-300x169.jpeg 300w, https:\/\/web.grearequipa.gob.pe\/wp-content\/uploads\/2023\/12\/WhatsApp-Image-2023-12-01-at-4.51.23-PM-1-768x432.jpeg 768w, https:\/\/web.grearequipa.gob.pe\/wp-content\/uploads\/2023\/12\/WhatsApp-Image-2023-12-01-at-4.51.23-PM-1.jpeg 1280w\" sizes=\"auto, (max-width: 1024px) 100vw, 1024px\" \/><\/figure>\n\n\n\n<figure class=\"wp-block-image size-large\"><img loading=\"lazy\" decoding=\"async\" width=\"1024\" height=\"576\" data-id=\"3010\" src=\"https:\/\/web.grearequipa.gob.pe\/wp-content\/uploads\/2023\/12\/WhatsApp-Image-2023-12-01-at-4.51.23-PM-2-1024x576.jpeg\" alt=\"\" class=\"wp-image-3010\" srcset=\"https:\/\/web.grearequipa.gob.pe\/wp-content\/uploads\/2023\/12\/WhatsApp-Image-2023-12-01-at-4.51.23-PM-2-1024x576.jpeg 1024w, https:\/\/web.grearequipa.gob.pe\/wp-content\/uploads\/2023\/12\/WhatsApp-Image-2023-12-01-at-4.51.23-PM-2-300x169.jpeg 300w, https:\/\/web.grearequipa.gob.pe\/wp-content\/uploads\/2023\/12\/WhatsApp-Image-2023-12-01-at-4.51.23-PM-2-768x432.jpeg 768w, https:\/\/web.grearequipa.gob.pe\/wp-content\/uploads\/2023\/12\/WhatsApp-Image-2023-12-01-at-4.51.23-PM-2.jpeg 1280w\" sizes=\"auto, (max-width: 1024px) 100vw, 1024px\" \/><\/figure>\n\n\n\n<figure class=\"wp-block-image size-large\"><img loading=\"lazy\" decoding=\"async\" width=\"1024\" height=\"576\" data-id=\"3009\" src=\"https:\/\/web.grearequipa.gob.pe\/wp-content\/uploads\/2023\/12\/WhatsApp-Image-2023-12-01-at-4.51.23-PM-3-1024x576.jpeg\" alt=\"\" class=\"wp-image-3009\" srcset=\"https:\/\/web.grearequipa.gob.pe\/wp-content\/uploads\/2023\/12\/WhatsApp-Image-2023-12-01-at-4.51.23-PM-3-1024x576.jpeg 1024w, https:\/\/web.grearequipa.gob.pe\/wp-content\/uploads\/2023\/12\/WhatsApp-Image-2023-12-01-at-4.51.23-PM-3-300x169.jpeg 300w, https:\/\/web.grearequipa.gob.pe\/wp-content\/uploads\/2023\/12\/WhatsApp-Image-2023-12-01-at-4.51.23-PM-3-768x432.jpeg 768w, https:\/\/web.grearequipa.gob.pe\/wp-content\/uploads\/2023\/12\/WhatsApp-Image-2023-12-01-at-4.51.23-PM-3.jpeg 1280w\" sizes=\"auto, (max-width: 1024px) 100vw, 1024px\" \/><\/figure>\n\n\n\n<figure class=\"wp-block-image size-large\"><img loading=\"lazy\" decoding=\"async\" width=\"1024\" height=\"576\" data-id=\"3011\" src=\"https:\/\/web.grearequipa.gob.pe\/wp-content\/uploads\/2023\/12\/WhatsApp-Image-2023-12-01-at-4.51.23-PM-1024x576.jpeg\" alt=\"\" class=\"wp-image-3011\" srcset=\"https:\/\/web.grearequipa.gob.pe\/wp-content\/uploads\/2023\/12\/WhatsApp-Image-2023-12-01-at-4.51.23-PM-1024x576.jpeg 1024w, https:\/\/web.grearequipa.gob.pe\/wp-content\/uploads\/2023\/12\/WhatsApp-Image-2023-12-01-at-4.51.23-PM-300x169.jpeg 300w, https:\/\/web.grearequipa.gob.pe\/wp-content\/uploads\/2023\/12\/WhatsApp-Image-2023-12-01-at-4.51.23-PM-768x432.jpeg 768w, https:\/\/web.grearequipa.gob.pe\/wp-content\/uploads\/2023\/12\/WhatsApp-Image-2023-12-01-at-4.51.23-PM.jpeg 1280w\" sizes=\"auto, (max-width: 1024px) 100vw, 1024px\" \/><\/figure>\n<\/figure>\n\n\n\n<figure class=\"wp-block-gallery has-nested-images columns-default is-cropped wp-block-gallery-2 is-layout-flex wp-block-gallery-is-layout-flex\">\n<figure class=\"wp-block-image size-large\"><img loading=\"lazy\" decoding=\"async\" width=\"484\" height=\"858\" data-id=\"3014\" src=\"https:\/\/web.grearequipa.gob.pe\/wp-content\/uploads\/2023\/12\/WhatsApp-Image-2023-12-01-at-4.57.11-PM.jpeg\" alt=\"\" class=\"wp-image-3014\" srcset=\"https:\/\/web.grearequipa.gob.pe\/wp-content\/uploads\/2023\/12\/WhatsApp-Image-2023-12-01-at-4.57.11-PM.jpeg 484w, https:\/\/web.grearequipa.gob.pe\/wp-content\/uploads\/2023\/12\/WhatsApp-Image-2023-12-01-at-4.57.11-PM-169x300.jpeg 169w\" sizes=\"auto, (max-width: 484px) 100vw, 484px\" \/><\/figure>\n\n\n\n<figure class=\"wp-block-image size-large\"><img loading=\"lazy\" decoding=\"async\" width=\"1024\" height=\"768\" data-id=\"3013\" src=\"https:\/\/web.grearequipa.gob.pe\/wp-content\/uploads\/2023\/12\/WhatsApp-Image-2023-12-01-at-4.54.57-PM-1024x768.jpeg\" alt=\"\" class=\"wp-image-3013\" srcset=\"https:\/\/web.grearequipa.gob.pe\/wp-content\/uploads\/2023\/12\/WhatsApp-Image-2023-12-01-at-4.54.57-PM-1024x768.jpeg 1024w, https:\/\/web.grearequipa.gob.pe\/wp-content\/uploads\/2023\/12\/WhatsApp-Image-2023-12-01-at-4.54.57-PM-300x225.jpeg 300w, https:\/\/web.grearequipa.gob.pe\/wp-content\/uploads\/2023\/12\/WhatsApp-Image-2023-12-01-at-4.54.57-PM-768x576.jpeg 768w, https:\/\/web.grearequipa.gob.pe\/wp-content\/uploads\/2023\/12\/WhatsApp-Image-2023-12-01-at-4.54.57-PM-1536x1152.jpeg 1536w, https:\/\/web.grearequipa.gob.pe\/wp-content\/uploads\/2023\/12\/WhatsApp-Image-2023-12-01-at-4.54.57-PM.jpeg 1600w\" sizes=\"auto, (max-width: 1024px) 100vw, 1024px\" \/><\/figure>\n\n\n\n<figure class=\"wp-block-image size-large\"><img loading=\"lazy\" decoding=\"async\" width=\"1024\" height=\"768\" data-id=\"3015\" src=\"https:\/\/web.grearequipa.gob.pe\/wp-content\/uploads\/2023\/12\/WhatsApp-Image-2023-12-01-at-4.54.28-PM-1024x768.jpeg\" alt=\"\" class=\"wp-image-3015\" srcset=\"https:\/\/web.grearequipa.gob.pe\/wp-content\/uploads\/2023\/12\/WhatsApp-Image-2023-12-01-at-4.54.28-PM-1024x768.jpeg 1024w, https:\/\/web.grearequipa.gob.pe\/wp-content\/uploads\/2023\/12\/WhatsApp-Image-2023-12-01-at-4.54.28-PM-300x225.jpeg 300w, https:\/\/web.grearequipa.gob.pe\/wp-content\/uploads\/2023\/12\/WhatsApp-Image-2023-12-01-at-4.54.28-PM-768x576.jpeg 768w, https:\/\/web.grearequipa.gob.pe\/wp-content\/uploads\/2023\/12\/WhatsApp-Image-2023-12-01-at-4.54.28-PM-1536x1152.jpeg 1536w, https:\/\/web.grearequipa.gob.pe\/wp-content\/uploads\/2023\/12\/WhatsApp-Image-2023-12-01-at-4.54.28-PM.jpeg 1600w\" sizes=\"auto, (max-width: 1024px) 100vw, 1024px\" \/><\/figure>\n\n\n\n<figure class=\"wp-block-image size-large\"><img loading=\"lazy\" decoding=\"async\" width=\"1024\" height=\"768\" data-id=\"3012\" src=\"https:\/\/web.grearequipa.gob.pe\/wp-content\/uploads\/2023\/12\/WhatsApp-Image-2023-12-01-at-4.53.50-PM-1024x768.jpeg\" alt=\"\" class=\"wp-image-3012\" srcset=\"https:\/\/web.grearequipa.gob.pe\/wp-content\/uploads\/2023\/12\/WhatsApp-Image-2023-12-01-at-4.53.50-PM-1024x768.jpeg 1024w, https:\/\/web.grearequipa.gob.pe\/wp-content\/uploads\/2023\/12\/WhatsApp-Image-2023-12-01-at-4.53.50-PM-300x225.jpeg 300w, https:\/\/web.grearequipa.gob.pe\/wp-content\/uploads\/2023\/12\/WhatsApp-Image-2023-12-01-at-4.53.50-PM-768x576.jpeg 768w, https:\/\/web.grearequipa.gob.pe\/wp-content\/uploads\/2023\/12\/WhatsApp-Image-2023-12-01-at-4.53.50-PM-1536x1152.jpeg 1536w, https:\/\/web.grearequipa.gob.pe\/wp-content\/uploads\/2023\/12\/WhatsApp-Image-2023-12-01-at-4.53.50-PM.jpeg 1600w\" sizes=\"auto, (max-width: 1024px) 100vw, 1024px\" \/><\/figure>\n<\/figure>\n\n\n\n<p>EN CERRO JULI POR PRIMERA VEZ SE REALIZAR\u00c1 LA \u201cFERIA NACIONAL DE CIENCIA Y TECNOLOGIA EUREKA 2023\u201d DEL 3 AL 5 DE DICIEMBRE<\/p>\n\n\n\n<p>El Ministerio de Educaci\u00f3n por primera vez ha decidido realizar la Feria Nacional de Ciencia y Tecnolog\u00eda Eureka 2023, en su Etapa Nacional, en la ciudad de Arequipa, del 3 al 5 de diciembre en las Instalaciones del Campo Ferial de Cerro Juli, desde las 9 de la ma\u00f1ana hasta las 5 de la tarde los d\u00edas 3, 4 y 5 del presente mes de diciembre.<br>Ya que como se recordar\u00e1 la Gerencia Regional de Educaci\u00f3n Arequipa, a trav\u00e9s de la Direcci\u00f3n de Gesti\u00f3n Pedag\u00f3gica, ejecut\u00f3 la Etapa Regional de la XXXIII Feria Escolar Nacional de Ciencia y Tecnolog\u00eda \u201cEUREKA\u201d 2023, la misma que se realiz\u00f3 el d\u00eda viernes 20 de octubre en la Instituci\u00f3n Educativa Emblem\u00e1tica \u201cJuana Cervantes de Bolognesi\u201d con la participaci\u00f3n del Mg. Wilver G\u00f3mez Castillo, Director de Gesti\u00f3n Pedag\u00f3gica de la GREA; especialistas de la DGP del Comit\u00e9 Organizador de la Feria de Ciencias, Dra. Ana Mar\u00eda Apaza Yto, Mg. Miguel Pacheco Salazar, Mg. Pedro Amanqui Quispe, Dra. Eva Valeriano Arcana e integrantes del Jurado Calificador de las \u00e1reas de participaci\u00f3n.<br>En esta etapa participaron estudiantes de las 10 UGEL, con un total de 60 proyectos de investigaci\u00f3n, de los cuales se premiaron a los tres primeros puestos de cada \u00e1rea, siendo los primeros puestos quienes nos representar\u00e1n desde este domingo 03 de diciembre en la Etapa Nacional de la FERIA ESCOLAR NACIONAL DE CIENCIA Y TECNOLOG\u00cdA EUREKA 2023; y los ganadores de este evento viajar\u00e1n a los Estados Unidos de Norte Am\u00e9rica.<\/p>\n","protected":false},"excerpt":{"rendered":"<p>EN CERRO JULI POR PRIMERA VEZ SE REALIZAR\u00c1 LA \u201cFERIA NACIONAL DE CIENCIA Y TECNOLOGIA EUREKA 2023\u201d DEL 3 AL 5 DE DICIEMBRE El Ministerio de Educaci\u00f3n por primera vez ha decidido realizar la Feria Nacional de Ciencia y Tecnolog\u00eda Eureka 2023, en su Etapa Nacional, en la ciudad de Arequipa, del 3 al 5 [&hellip;]<\/p>\n","protected":false},"author":2,"featured_media":0,"comment_status":"closed","ping_status":"closed","sticky":false,"template":"","format":"standard","meta":{"footnotes":""},"categories":[6],"tags":[],"class_list":["post-3006","post","type-post","status-publish","format-standard","hentry","category-comunicados"],"_links":{"self":[{"href":"https:\/\/web.grearequipa.gob.pe\/index.php?rest_route=\/wp\/v2\/posts\/3006","targetHints":{"allow":["GET"]}}],"collection":[{"href":"https:\/\/web.grearequipa.gob.pe\/index.php?rest_route=\/wp\/v2\/posts"}],"about":[{"href":"https:\/\/web.grearequipa.gob.pe\/index.php?rest_route=\/wp\/v2\/types\/post"}],"author":[{"embeddable":true,"href":"https:\/\/web.grearequipa.gob.pe\/index.php?rest_route=\/wp\/v2\/users\/2"}],"replies":[{"embeddable":true,"href":"https:\/\/web.grearequipa.gob.pe\/index.php?rest_route=%2Fwp%2Fv2%2Fcomments&post=3006"}],"version-history":[{"count":3,"href":"https:\/\/web.grearequipa.gob.pe\/index.php?rest_route=\/wp\/v2\/posts\/3006\/revisions"}],"predecessor-version":[{"id":3019,"href":"https:\/\/web.grearequipa.gob.pe\/index.php?rest_route=\/wp\/v2\/posts\/3006\/revisions\/3019"}],"wp:attachment":[{"href":"https:\/\/web.grearequipa.gob.pe\/index.php?rest_route=%2Fwp%2Fv2%2Fmedia&parent=3006"}],"wp:term":[{"taxonomy":"category","embeddable":true,"href":"https:\/\/web.grearequipa.gob.pe\/index.php?rest_route=%2Fwp%2Fv2%2Fcategories&post=3006"},{"taxonomy":"post_tag","embeddable":true,"href":"https:\/\/web.grearequipa.gob.pe\/index.php?rest_route=%2Fwp%2Fv2%2Ftags&post=3006"}],"curies":[{"name":"wp","href":"https:\/\/api.w.org\/{rel}","templated":true}]}}